{"id":8964,"date":"2020-03-27T10:31:57","date_gmt":"2020-03-27T09:31:57","guid":{"rendered":"https:\/\/www.clean-air.cz\/produkty-cleanair-v-tymu-specialnich-cinnosti-u-zdravotnicke-zachranne-sluzby-praha\/"},"modified":"2020-03-27T10:33:40","modified_gmt":"2020-03-27T09:33:40","slug":"produkty-cleanair-v-tymu-specialnich-cinnosti-u-zdravotnicke-zachranne-sluzby-praha","status":"publish","type":"post","link":"https:\/\/www.clean-air.cz\/cs\/produkty-cleanair-v-tymu-specialnich-cinnosti-u-zdravotnicke-zachranne-sluzby-praha\/","title":{"rendered":"Produkty CleanAIR\u00ad\u00ae v t\u00fdmu speci\u00e1ln\u00edch \u010dinnost\u00ed u  Zdravotnick\u00e9 z\u00e1chrann\u00e9 slu\u017eby Praha"},"content":{"rendered":"Produkty CleanAIR\u00ad\u00ae jsou pou\u017e\u00edv\u00e1ny v t\u00fdmu speci\u00e1ln\u00edch \u010dinnost\u00ed u Zdravotnick\u00e9 z\u00e1chrann\u00e9 slu\u017eby Praha. V tomto p\u0159\u00edpad\u011b se jedn\u00e1 o filtra\u010dn\u011b-ventila\u010dn\u00ed jednotky <a href=\"https:\/\/www.clean-air.cz\/cs\/system-osobni-ochrany-dychacich-cest\/cleanair-chemical-3f\/\">Chemical 3F<\/a> a masky <a href=\"https:\/\/www.clean-air.cz\/cs\/hlavove-dily\/masky\/shigematsu-gx02\/\">Shigematsu GX02<\/a>, kter\u00e9 dodal n\u00e1\u0161 distributor Klimafil Praha.\r\n\r\n<a href=\"https:\/\/www.novinky.cz\/krimi\/clanek\/zachranari-ve-specialnich-oblecich-odebrali-vzorky-seniorum-v-domovech-kde-se-objevila-nakaza-40318229\" target=\"_blank\" rel=\"noopener noreferrer\">https:\/\/www.novinky.cz\/krimi\/clanek\/zachranari-ve-specialnich-oblecich-odebrali-vzorky-seniorum-v-domovech-kde-se-objevila-nakaza-40318229<\/a>","protected":false},"excerpt":{"rendered":"<p>Produkty CleanAIR\u00ad\u00ae jsou pou\u017e\u00edv\u00e1ny v t\u00fdmu speci\u00e1ln\u00edch \u010dinnost\u00ed u Zdravotnick\u00e9 z\u00e1chrann\u00e9 slu\u017eby Praha. V tomto p\u0159\u00edpad\u011b se jedn\u00e1 o filtra\u010dn\u011b-ventila\u010dn\u00ed jednotky Chemical 3F a masky Shigematsu GX02, kter\u00e9 dodal n\u00e1\u0161 distributor Klimafil Praha. https:\/\/www.novinky.cz\/krimi\/clanek\/zachranari-ve-specialnich-oblecich-odebrali-vzorky-seniorum-v-domovech-kde-se-objevila-nakaza-40318229<\/p>\n","protected":false},"author":11,"featured_media":8959,"comment_status":"closed","ping_status":"closed","sticky":false,"template":"","format":"standard","meta":{"footnotes":""},"categories":[3],"tags":[],"_links":{"self":[{"href":"https:\/\/www.clean-air.cz\/cs\/wp-json\/wp\/v2\/posts\/8964"}],"collection":[{"href":"https:\/\/www.clean-air.cz\/cs\/wp-json\/wp\/v2\/posts"}],"about":[{"href":"https:\/\/www.clean-air.cz\/cs\/wp-json\/wp\/v2\/types\/post"}],"author":[{"embeddable":true,"href":"https:\/\/www.clean-air.cz\/cs\/wp-json\/wp\/v2\/users\/11"}],"replies":[{"embeddable":true,"href":"https:\/\/www.clean-air.cz\/cs\/wp-json\/wp\/v2\/comments?post=8964"}],"version-history":[{"count":0,"href":"https:\/\/www.clean-air.cz\/cs\/wp-json\/wp\/v2\/posts\/8964\/revisions"}],"wp:featuredmedia":[{"embeddable":true,"href":"https:\/\/www.clean-air.cz\/cs\/wp-json\/wp\/v2\/media\/8959"}],"wp:attachment":[{"href":"https:\/\/www.clean-air.cz\/cs\/wp-json\/wp\/v2\/media?parent=8964"}],"wp:term":[{"taxonomy":"category","embeddable":true,"href":"https:\/\/www.clean-air.cz\/cs\/wp-json\/wp\/v2\/categories?post=8964"},{"taxonomy":"post_tag","embeddable":true,"href":"https:\/\/www.clean-air.cz\/cs\/wp-json\/wp\/v2\/tags?post=8964"}],"curies":[{"name":"wp","href":"https:\/\/api.w.org\/{rel}","templated":true}]}}